{"id":38,"date":"2021-07-28T16:37:59","date_gmt":"2021-07-28T13:37:59","guid":{"rendered":"https:\/\/escuelaraulpena.com.ar\/blog\/?p=38"},"modified":"2021-07-28T16:51:59","modified_gmt":"2021-07-28T13:51:59","slug":"la-escuela-en-numeros","status":"publish","type":"post","link":"https:\/\/escuelaraulpena.com.ar\/blog\/2021\/07\/28\/la-escuela-en-numeros\/","title":{"rendered":"La escuela en n\u00fameros"},"content":{"rendered":"\n<figure class=\"wp-block-image size-large\"><img decoding=\"async\" loading=\"lazy\" width=\"1024\" height=\"341\" src=\"https:\/\/escuelaraulpena.com.ar\/blog\/wp-content\/uploads\/2021\/07\/banner-1024x341.jpg\" alt=\"\" class=\"wp-image-44\" srcset=\"https:\/\/escuelaraulpena.com.ar\/blog\/wp-content\/uploads\/2021\/07\/banner-1024x341.jpg 1024w, https:\/\/escuelaraulpena.com.ar\/blog\/wp-content\/uploads\/2021\/07\/banner-300x100.jpg 300w, https:\/\/escuelaraulpena.com.ar\/blog\/wp-content\/uploads\/2021\/07\/banner-768x256.jpg 768w, https:\/\/escuelaraulpena.com.ar\/blog\/wp-content\/uploads\/2021\/07\/banner-1536x512.jpg 1536w, https:\/\/escuelaraulpena.com.ar\/blog\/wp-content\/uploads\/2021\/07\/banner.jpg 1800w\" sizes=\"(max-width: 767px) 89vw, (max-width: 1000px) 54vw, (max-width: 1071px) 543px, 580px\" \/><\/figure>\n\n\n\n<p>Estoy convencido que lo mas importante para aprender fotograf\u00eda, es incorporar la teor\u00eda necesaria, y apoyarla con la practica constante.<br>Pero como pasa en todos los ordenes de la vida, tambi\u00e9n es necesario tener mucha PASI\u00d3N y COMPROMISO&#8230; de tu parte, y tambi\u00e9n de la m\u00eda.<br><br>Pero&#8230; \u00bfcomo puedo demostrarte mi pasi\u00f3n por ense\u00f1arte? \u00bfY mi compromiso?<br><br>A veces las palabras suenan y se ven lindas. Por ejemplo, podr\u00eda decirte todo lo que hice en mi vida fotogr\u00e1fica, o enumerarte las empresas nacionales e internacionales para las que trabaj\u00e9. Pero, \u00bfeso te demostrar\u00eda mi interes y capacidad para ense\u00f1arte?. Yo creo que no&#8230;<br>De nada sirve mi experiencia, si no soy capaz de transmitirla.<br><br>Vos, estas buscando tu lugar en la fotograf\u00eda.<br>Quer\u00e9s seguridad&#8230; Necesit\u00e1s saber adonde y con quien vas a estudiar.<br>Busc\u00e1s un lugar SERIO y RESPONSABLE, que te brinde las herramientas necesarias, para lograr los mejores resultados posibles.<br>Quiz\u00e1s solo quieras aprender a usar tu c\u00e1mara nueva; o tal vez te interesa esta \u201cnueva\u201d manera de expresi\u00f3n artistica, mas directa y universal que las dem\u00e1s.<br>A lo mejor, estas deseando ser fot\u00f3grafo profesional&#8230; PORQUE QUERES VIVIR HACIENDO FOTOS, y necesitas toda la informacion posible, para hacerlo bien. (Y cuando digo toda la informaci\u00f3n, me refiero a cuanto cobrar; como insertarse en el mercado Laboral; etc)<br><br>\u00bfSer\u00e9 yo quien tenga la enorme y maravillosa tarea de ense\u00f1arte? \u00bfEs este tu lugar?<br>\u00bfAqui comenzar\u00e1 tu carrera como fot\u00f3graf@?<\/p>\n\n\n\n<p>Es muy dif\u00edcil explicarte lo que siento ante cada alumno nuevo&#8230; las ilusiones que traen, son contagiosas, y en definitiva, tambi\u00e9n son mis ilusiones.<br>Suelo decir que en una ciudad como Mar del Plata, cuesta mucho trabajo (bien hecho) que las personas reconozcan tu nombre, como sin\u00f3nimo de calidad. Pero solo bastan un par de errores, para que nadie quiera volver a recomendarte.<br>En ese sentido, estoy mas que tranquilo. Se que mi trabajo podra gustar m\u00e1s o menos, pero nadie te va a poder decir (con fundamentos, porque malintencionados hay por todas partes) que no me entrego al 100% por mis alumnos.<\/p>\n\n\n\n<p>Vivimos en una etapa historica marcada por las nuevas tecnolog\u00edas y las redes sociales, en donde la creatividad y la informaci\u00f3n, son los pilares mas importantes para desarrollar cualquier actividad.<br>En mis cursos, nos apoyamos en el conocimiento y la informaci\u00f3n compartida, para que puedas dominar tu c\u00e1mara fotogr\u00e1fica por completo.<br>Pero tambien, es necesario que aprendas sobre las nuevas formas de edici\u00f3n; como compartir tus fotos de manera segura; como controlar los aspectos imprevisibles de este arte&#8230; pero sobre todo, a diferenciarte de los demas, por tu capacidad creativa.<br><br>No quiero aburrirte mas&#8230; por eso, me parecio util, resumirte lo que es la escuela en algunos numeros representativos. Veamos algunas cifras de estos primeros 4 a\u00f1os de la Escuela de fotografia Raul Pena:<br><br>* El ciclo lectivo tiene <strong>43<\/strong> <strong>semanas de clases anuales<br>* <\/strong>Tenemos mas de <strong>250<\/strong> <strong>jornadas<\/strong>&#8230; para un total de <strong>1600<\/strong> <strong>horas de clases <\/strong>cada a\u00f1o<br>* <strong>5<\/strong> <strong>Niveles<\/strong> de <strong>4 meses <\/strong>cada uno, tiene la formacion profesional<br>* <strong>9.5<\/strong> son los <strong>a\u00f1os<\/strong> que llevo formando fotografos<br>* + de <strong>800<\/strong> son los <strong>alumnos<\/strong> que pasaron por mis cursos<br>* Egresan en promedio, entre <strong>15<\/strong> y <strong>20<\/strong> <strong>fotografos<\/strong>, preparados y capacitados como <strong>profesionales<\/strong> cada a\u00f1o<br>* En Mar del Plata, son <strong>mas de 100 <\/strong>los <strong>Fotografos Profesionales <\/strong>que trabajan activamente, y que se formaron en mis cursos<br>* Son <strong>4<\/strong> las <strong>salidas bimestrales<\/strong> que hacemos cada a\u00f1o, para mejorar la tecnica de los alumnos, pero ademas, para fomentar la union y la camaraderia entre grupos.<br>* <strong>4<\/strong> Fueron las <strong>sedes <\/strong>que cobijaron mis clases: &#8211; Espacio BUA; &#8211; Espacio 4 Elementos; &#8211; La oficina que tuvimos en el centro durante 2 a\u00f1os, y el estudio actual que construi especialmente, para dar clases de la manera mas comoda para mis alumnos.<br>* <strong>160 <\/strong>son en promedio, las <strong>horas de clase<\/strong> que recibe un alumno del nivel 5, al finalizar sus estudios<br>* <strong>+1000<\/strong> son las <strong>fotos que corrijo<\/strong> cada cuatrimestre, para que cada alumno saque las mejores fotograf\u00edas posibles<br>* <strong>23 a\u00f1os<\/strong> son los que tengo de experiencia en la fotograf\u00eda. <strong>5<\/strong> de estudiante. <strong>Cientos<\/strong> de eventos. Hice mas de<strong> 20<\/strong> Seminarios de especializacion&#8230; y toda esta experiencia, la transmito en mis clases SIN NINGUN SECRETO<br>* <strong>+2500<\/strong> horas Anuales dedico a la docencia.<\/p>\n\n\n\n<p>Como ver\u00e1s, los numeros son claros&#8230; demuestran que NO SOY un fot\u00f3grafo que da cursos cuando puede o quiere. SON UN DOCENTE que vive para darle clases de fotografia a sus alumnos, es decir, no dicto clases cuando me conviene o cuando necesito un \u201cdinero extra\u201d. <strong>SOY DOCENTE las 24 horas del dia, los 365 dias del a\u00f1o, y amo que asi sea&#8230;<\/strong><br><br>Siempre estar\u00e9 disponible para responder a tus inquietudes, un sabado; un domingo; un feriado; o en vacaciones. \u00bfY sabes por que lo hago, sin pedir nada a cambio? <strong>PORQUE SOY UN APASIONADO DE LA FOTOGRAF\u00cdA.<\/strong><br><br>Mis alumnos y ex alumnos, pueden dar fe de eso&#8230;<br><br>Hasta la Pr\u00f3xima!<\/p>\n\n\n\n<p>Raul Pena<\/p>\n\n\n\n<pre class=\"wp-block-code\"><code>\n<\/code><\/pre>\n\n\n\n<p><\/p>\n","protected":false},"excerpt":{"rendered":"<p>Estoy convencido que lo mas importante para aprender fotograf\u00eda, es incorporar la teor\u00eda necesaria, y apoyarla con la practica constante.Pero como pasa en todos los ordenes de la vida, tambi\u00e9n es necesario tener mucha PASI\u00d3N y COMPROMISO&#8230; de tu parte, y tambi\u00e9n de la m\u00eda. Pero&#8230; \u00bfcomo puedo demostrarte mi pasi\u00f3n por ense\u00f1arte? \u00bfY mi &hellip; <\/p>\n<p class=\"link-more\"><a href=\"https:\/\/escuelaraulpena.com.ar\/blog\/2021\/07\/28\/la-escuela-en-numeros\/\" class=\"more-link\">Continuar leyendo<span class=\"screen-reader-text\"> \u00abLa escuela en n\u00fameros\u00bb<\/span><\/a><\/p>\n","protected":false},"author":1,"featured_media":0,"comment_status":"open","ping_status":"open","sticky":false,"template":"","format":"standard","meta":{"om_disable_all_campaigns":false},"categories":[4,1],"tags":[],"_links":{"self":[{"href":"https:\/\/escuelaraulpena.com.ar\/blog\/wp-json\/wp\/v2\/posts\/38"}],"collection":[{"href":"https:\/\/escuelaraulpena.com.ar\/blog\/wp-json\/wp\/v2\/posts"}],"about":[{"href":"https:\/\/escuelaraulpena.com.ar\/blog\/wp-json\/wp\/v2\/types\/post"}],"author":[{"embeddable":true,"href":"https:\/\/escuelaraulpena.com.ar\/blog\/wp-json\/wp\/v2\/users\/1"}],"replies":[{"embeddable":true,"href":"https:\/\/escuelaraulpena.com.ar\/blog\/wp-json\/wp\/v2\/comments?post=38"}],"version-history":[{"count":3,"href":"https:\/\/escuelaraulpena.com.ar\/blog\/wp-json\/wp\/v2\/posts\/38\/revisions"}],"predecessor-version":[{"id":45,"href":"https:\/\/escuelaraulpena.com.ar\/blog\/wp-json\/wp\/v2\/posts\/38\/revisions\/45"}],"wp:attachment":[{"href":"https:\/\/escuelaraulpena.com.ar\/blog\/wp-json\/wp\/v2\/media?parent=38"}],"wp:term":[{"taxonomy":"category","embeddable":true,"href":"https:\/\/escuelaraulpena.com.ar\/blog\/wp-json\/wp\/v2\/categories?post=38"},{"taxonomy":"post_tag","embeddable":true,"href":"https:\/\/escuelaraulpena.com.ar\/blog\/wp-json\/wp\/v2\/tags?post=38"}],"curies":[{"name":"wp","href":"https:\/\/api.w.org\/{rel}","templated":true}]}}